{"id":2834,"date":"2017-08-12T00:20:15","date_gmt":"2017-08-12T00:20:15","guid":{"rendered":"http:\/\/www.vicentejose.cl\/?p=2834"},"modified":"2017-08-12T00:23:40","modified_gmt":"2017-08-12T00:23:40","slug":"ano-sabatico-en-el-libro-historieta-chilena-contemporanea-2006-2016","status":"publish","type":"post","link":"http:\/\/www.vicentejose.cl\/?p=2834","title":{"rendered":"A\u00f1o Sab\u00e1tico en el Libro Historieta Chilena Contempor\u00e1nea 2006-2016"},"content":{"rendered":"<div class=\"fcbkbttn_buttons_block\" id=\"fcbkbttn_left\"><div class=\"fcbkbttn_button\">\n\t\t\t\t\t<a href=\"https:\/\/www.facebook.com\/\" target=\"_blank\">\n\t\t\t\t\t\t<img decoding=\"async\" src=\"http:\/\/www.vicentejose.cl\/wp-content\/plugins\/facebook-button-plugin\/images\/standard-facebook-ico.png\" alt=\"Fb-Button\" \/>\n\t\t\t\t\t<\/a>\n\t\t\t\t<\/div><div class=\"fcbkbttn_like \"><fb:like href=\"http:\/\/www.vicentejose.cl\/?p=2834\" action=\"like\" colorscheme=\"light\" layout=\"standard\"  width=\"225px\" size=\"small\"><\/fb:like><\/div><\/div><p>El Pasado 10 de agosto se lanz\u00f3 en la <a href=\"http:\/\/www.bibliotecasantiago.cl\/\" target=\"_blank\" rel=\"noopener\"><strong>Biblioteca de Santiago<\/strong><\/a> el libro <strong><em>Historieta Chilena Contempor\u00e1nea 2006-2016<\/em><\/strong>, una suerte de cat\u00e1logo que muestra buena parte de las publicaciones producidas en Chile en el \u00e1rea del c\u00f3mic y la historieta en los \u00faltimos diez a\u00f1os. El libro, cuya edici\u00f3n estuvo a cargo de Carlos Reyes y Claudio Aguilera y que fue financiado y producido por <a href=\"http:\/\/www.prochile.gob.cl\/\" target=\"_blank\" rel=\"noopener\"><strong>ProChile<\/strong><\/a>, ya hab\u00eda sido presentado en diversas ferias en el extranjero. Entre los m\u00faltiples libros rese\u00f1ados en esta publicaci\u00f3n se encuentra el libro <a href=\"http:\/\/www.vicentejose.cl\/?p=728\" target=\"_blank\" rel=\"noopener\"><strong>A\u00f1o Sab\u00e1tico<\/strong><\/a>, mi primer libro de c\u00f3mic autobiogr\u00e1fico. A continuaci\u00f3n algunas fotos&#8230;<\/p>\n<p><img loading=\"lazy\" decoding=\"async\" class=\"alignnone wp-image-2835\" src=\"http:\/\/www.vicentejose.cl\/wp-content\/uploads\/2017\/08\/IMG_4241-1024x1024.jpg\" alt=\"\" width=\"765\" height=\"765\" srcset=\"http:\/\/www.vicentejose.cl\/wp-content\/uploads\/2017\/08\/IMG_4241-1024x1024.jpg 1024w, http:\/\/www.vicentejose.cl\/wp-content\/uploads\/2017\/08\/IMG_4241-150x150.jpg 150w, http:\/\/www.vicentejose.cl\/wp-content\/uploads\/2017\/08\/IMG_4241-300x300.jpg 300w, http:\/\/www.vicentejose.cl\/wp-content\/uploads\/2017\/08\/IMG_4241-768x768.jpg 768w, http:\/\/www.vicentejose.cl\/wp-content\/uploads\/2017\/08\/IMG_4241.jpg 1936w\" sizes=\"auto, (max-width: 765px) 100vw, 765px\" \/> <img loading=\"lazy\" decoding=\"async\" class=\"alignnone wp-image-2836\" src=\"http:\/\/www.vicentejose.cl\/wp-content\/uploads\/2017\/08\/IMG_4246-1024x1024.jpg\" alt=\"\" width=\"765\" height=\"765\" srcset=\"http:\/\/www.vicentejose.cl\/wp-content\/uploads\/2017\/08\/IMG_4246-1024x1024.jpg 1024w, http:\/\/www.vicentejose.cl\/wp-content\/uploads\/2017\/08\/IMG_4246-150x150.jpg 150w, http:\/\/www.vicentejose.cl\/wp-content\/uploads\/2017\/08\/IMG_4246-300x300.jpg 300w, http:\/\/www.vicentejose.cl\/wp-content\/uploads\/2017\/08\/IMG_4246-768x768.jpg 768w, http:\/\/www.vicentejose.cl\/wp-content\/uploads\/2017\/08\/IMG_4246.jpg 1936w\" sizes=\"auto, (max-width: 765px) 100vw, 765px\" \/> <img loading=\"lazy\" decoding=\"async\" class=\"alignnone wp-image-2837\" src=\"http:\/\/www.vicentejose.cl\/wp-content\/uploads\/2017\/08\/IMG_4248-1024x1024.jpg\" alt=\"\" width=\"765\" height=\"765\" srcset=\"http:\/\/www.vicentejose.cl\/wp-content\/uploads\/2017\/08\/IMG_4248-1024x1024.jpg 1024w, http:\/\/www.vicentejose.cl\/wp-content\/uploads\/2017\/08\/IMG_4248-150x150.jpg 150w, http:\/\/www.vicentejose.cl\/wp-content\/uploads\/2017\/08\/IMG_4248-300x300.jpg 300w, http:\/\/www.vicentejose.cl\/wp-content\/uploads\/2017\/08\/IMG_4248-768x768.jpg 768w, http:\/\/www.vicentejose.cl\/wp-content\/uploads\/2017\/08\/IMG_4248.jpg 1936w\" sizes=\"auto, (max-width: 765px) 100vw, 765px\" \/><\/p>\n","protected":false},"excerpt":{"rendered":"<p>El Pasado 10 de agosto se lanz\u00f3 en la Biblioteca de Santiago el libro Historieta Chilena Contempor\u00e1nea 2006-2016, una suerte de cat\u00e1logo que muestra buena parte de las publicaciones producidas en Chile en el \u00e1rea del c\u00f3mic y la historieta en los \u00faltimos diez a\u00f1os. El libro, cuya edici\u00f3n estuvo a cargo de Carlos Reyes [&hellip;]<\/p>\n","protected":false},"author":1,"featured_media":2838,"comment_status":"open","ping_status":"closed","sticky":false,"template":"","format":"standard","meta":{"footnotes":""},"categories":[4],"tags":[],"class_list":["post-2834","post","type-post","status-publish","format-standard","has-post-thumbnail","hentry","category-noticias"],"_links":{"self":[{"href":"http:\/\/www.vicentejose.cl\/index.php?rest_route=\/wp\/v2\/posts\/2834","targetHints":{"allow":["GET"]}}],"collection":[{"href":"http:\/\/www.vicentejose.cl\/index.php?rest_route=\/wp\/v2\/posts"}],"about":[{"href":"http:\/\/www.vicentejose.cl\/index.php?rest_route=\/wp\/v2\/types\/post"}],"author":[{"embeddable":true,"href":"http:\/\/www.vicentejose.cl\/index.php?rest_route=\/wp\/v2\/users\/1"}],"replies":[{"embeddable":true,"href":"http:\/\/www.vicentejose.cl\/index.php?rest_route=%2Fwp%2Fv2%2Fcomments&post=2834"}],"version-history":[{"count":3,"href":"http:\/\/www.vicentejose.cl\/index.php?rest_route=\/wp\/v2\/posts\/2834\/revisions"}],"predecessor-version":[{"id":2841,"href":"http:\/\/www.vicentejose.cl\/index.php?rest_route=\/wp\/v2\/posts\/2834\/revisions\/2841"}],"wp:featuredmedia":[{"embeddable":true,"href":"http:\/\/www.vicentejose.cl\/index.php?rest_route=\/wp\/v2\/media\/2838"}],"wp:attachment":[{"href":"http:\/\/www.vicentejose.cl\/index.php?rest_route=%2Fwp%2Fv2%2Fmedia&parent=2834"}],"wp:term":[{"taxonomy":"category","embeddable":true,"href":"http:\/\/www.vicentejose.cl\/index.php?rest_route=%2Fwp%2Fv2%2Fcategories&post=2834"},{"taxonomy":"post_tag","embeddable":true,"href":"http:\/\/www.vicentejose.cl\/index.php?rest_route=%2Fwp%2Fv2%2Ftags&post=2834"}],"curies":[{"name":"wp","href":"https:\/\/api.w.org\/{rel}","templated":true}]}}