{"id":1991,"date":"2015-05-24T00:41:02","date_gmt":"2015-05-24T00:41:02","guid":{"rendered":"http:\/\/www.vicentejose.cl\/?p=1991"},"modified":"2015-05-24T00:41:02","modified_gmt":"2015-05-24T00:41:02","slug":"inauguracion-exposicion-alameda-de-ida-y-vuelta-en-el-mac-de-quinta-normal","status":"publish","type":"post","link":"http:\/\/www.vicentejose.cl\/?p=1991","title":{"rendered":"Inauguraci\u00f3n Exposici\u00f3n &#8220;Alameda de Ida y Vuelta&#8221;  en el MAC de Quinta Normal"},"content":{"rendered":"<div class=\"fcbkbttn_buttons_block\" id=\"fcbkbttn_left\"><div class=\"fcbkbttn_button\">\n\t\t\t\t\t<a href=\"https:\/\/www.facebook.com\/\" target=\"_blank\">\n\t\t\t\t\t\t<img decoding=\"async\" src=\"http:\/\/www.vicentejose.cl\/wp-content\/plugins\/facebook-button-plugin\/images\/standard-facebook-ico.png\" alt=\"Fb-Button\" \/>\n\t\t\t\t\t<\/a>\n\t\t\t\t<\/div><div class=\"fcbkbttn_like \"><fb:like href=\"http:\/\/www.vicentejose.cl\/?p=1991\" action=\"like\" colorscheme=\"light\" layout=\"standard\"  width=\"225px\" size=\"small\"><\/fb:like><\/div><\/div><p>El Pr\u00f3ximo\u00a0viernes 29 de Mayo, a las 19:30 hrs. en el <a href=\"http:\/\/www.mac.uchile.cl\/\" target=\"_blank\"><strong>MAC<\/strong><\/a> de Quinta Normal, se realizar\u00e1 la\u00a0inauguraci\u00f3n de la exposici\u00f3n <a href=\"http:\/\/www.vicentejose.cl\/?p=1621\" target=\"_blank\"><strong>&#8220;Alameda de ida y vuelta&#8221;<\/strong><\/a>, en la\u00a0mostrar\u00e9 los dibujos originales que realic\u00e9 para el libro del mismo nombre, el cual se publicar\u00e1 en Julio de este a\u00f1o con <a href=\"http:\/\/www.letracapital.cl\/\" target=\"_blank\"><strong>Letra Capital Ediciones<\/strong><\/a>. \u00a1Los espero!<\/p>\n<p><img loading=\"lazy\" decoding=\"async\" class=\"alignnone size-large wp-image-1992\" src=\"http:\/\/www.vicentejose.cl\/wp-content\/uploads\/2015\/05\/invitaci\u00f3n-672x1024.jpg\" alt=\"invitaci\u00f3n\" width=\"672\" height=\"1024\" srcset=\"http:\/\/www.vicentejose.cl\/wp-content\/uploads\/2015\/05\/invitaci\u00f3n-672x1024.jpg 672w, http:\/\/www.vicentejose.cl\/wp-content\/uploads\/2015\/05\/invitaci\u00f3n-197x300.jpg 197w, http:\/\/www.vicentejose.cl\/wp-content\/uploads\/2015\/05\/invitaci\u00f3n.jpg 699w\" sizes=\"auto, (max-width: 672px) 100vw, 672px\" \/><\/p>\n<p>&nbsp;<\/p>\n","protected":false},"excerpt":{"rendered":"<p>El Pr\u00f3ximo\u00a0viernes 29 de Mayo, a las 19:30 hrs. en el MAC de Quinta Normal, se realizar\u00e1 la\u00a0inauguraci\u00f3n de la exposici\u00f3n &#8220;Alameda de ida y vuelta&#8221;, en la\u00a0mostrar\u00e9 los dibujos originales que realic\u00e9 para el libro del mismo nombre, el cual se publicar\u00e1 en Julio de este a\u00f1o con Letra Capital Ediciones. \u00a1Los espero! &nbsp;<\/p>\n","protected":false},"author":1,"featured_media":1992,"comment_status":"open","ping_status":"open","sticky":false,"template":"","format":"standard","meta":{"footnotes":""},"categories":[4],"tags":[],"class_list":["post-1991","post","type-post","status-publish","format-standard","has-post-thumbnail","hentry","category-noticias"],"_links":{"self":[{"href":"http:\/\/www.vicentejose.cl\/index.php?rest_route=\/wp\/v2\/posts\/1991","targetHints":{"allow":["GET"]}}],"collection":[{"href":"http:\/\/www.vicentejose.cl\/index.php?rest_route=\/wp\/v2\/posts"}],"about":[{"href":"http:\/\/www.vicentejose.cl\/index.php?rest_route=\/wp\/v2\/types\/post"}],"author":[{"embeddable":true,"href":"http:\/\/www.vicentejose.cl\/index.php?rest_route=\/wp\/v2\/users\/1"}],"replies":[{"embeddable":true,"href":"http:\/\/www.vicentejose.cl\/index.php?rest_route=%2Fwp%2Fv2%2Fcomments&post=1991"}],"version-history":[{"count":1,"href":"http:\/\/www.vicentejose.cl\/index.php?rest_route=\/wp\/v2\/posts\/1991\/revisions"}],"predecessor-version":[{"id":1993,"href":"http:\/\/www.vicentejose.cl\/index.php?rest_route=\/wp\/v2\/posts\/1991\/revisions\/1993"}],"wp:featuredmedia":[{"embeddable":true,"href":"http:\/\/www.vicentejose.cl\/index.php?rest_route=\/wp\/v2\/media\/1992"}],"wp:attachment":[{"href":"http:\/\/www.vicentejose.cl\/index.php?rest_route=%2Fwp%2Fv2%2Fmedia&parent=1991"}],"wp:term":[{"taxonomy":"category","embeddable":true,"href":"http:\/\/www.vicentejose.cl\/index.php?rest_route=%2Fwp%2Fv2%2Fcategories&post=1991"},{"taxonomy":"post_tag","embeddable":true,"href":"http:\/\/www.vicentejose.cl\/index.php?rest_route=%2Fwp%2Fv2%2Ftags&post=1991"}],"curies":[{"name":"wp","href":"https:\/\/api.w.org\/{rel}","templated":true}]}}