{"id":1621,"date":"2014-06-08T22:20:13","date_gmt":"2014-06-08T22:20:13","guid":{"rendered":"http:\/\/www.vicentejose.cl\/?p=1621"},"modified":"2014-06-08T22:23:39","modified_gmt":"2014-06-08T22:23:39","slug":"etapa-1-del-proyecto-alameda-de-ida-y-vuelta","status":"publish","type":"post","link":"http:\/\/www.vicentejose.cl\/?p=1621","title":{"rendered":"Etapa 1 del Proyecto Alameda de Ida y Vuelta"},"content":{"rendered":"<div class=\"fcbkbttn_buttons_block\" id=\"fcbkbttn_left\"><div class=\"fcbkbttn_button\">\n\t\t\t\t\t<a href=\"https:\/\/www.facebook.com\/\" target=\"_blank\">\n\t\t\t\t\t\t<img decoding=\"async\" src=\"http:\/\/www.vicentejose.cl\/wp-content\/plugins\/facebook-button-plugin\/images\/standard-facebook-ico.png\" alt=\"Fb-Button\" \/>\n\t\t\t\t\t<\/a>\n\t\t\t\t<\/div><div class=\"fcbkbttn_like \"><fb:like href=\"http:\/\/www.vicentejose.cl\/?p=1621\" action=\"like\" colorscheme=\"light\" layout=\"standard\"  width=\"225px\" size=\"small\"><\/fb:like><\/div><\/div><p>El Pasado mes de mayo termin\u00e9 de realizar la Etapa n\u00b0 1 del proyecto de libro &#8220;Alameda de ida y vuelta&#8221;.<\/p>\n<p>Esta Primera etapa consisti\u00f3 en la realizaci\u00f3n de la totalidad de los dibujos de ambas veredas de la Alameda, entre Plaza Italia y la Norte-Sur, adem\u00e1s de su digitalizaci\u00f3n.<\/p>\n<p>Ahora vienen las etapas de diagramaci\u00f3n y retoque de las im\u00e1genes, la construcci\u00f3n del libro como tal, y posteriormente todo el proceso de imprenta, para el cual estamos en plena gesti\u00f3n para la obtenci\u00f3n de recursos junto a <a href=\"http:\/\/www.letracapital.cl\/\" target=\"_blank\"><strong>Letra Capital Ediciones.<\/strong><\/a><\/p>\n<p>Aqu\u00ed abajo algunas fotos del proceso de registro de los dibujos originales extendidos en su totalidad, que realic\u00e9 con la colaboraci\u00f3n del equipo de <a href=\"http:\/\/www.sentidoscomunes.cl\/\" target=\"_blank\"><strong>Sentidos Comunes.<\/strong><\/a><\/p>\n<p><img loading=\"lazy\" decoding=\"async\" class=\"alignnone wp-image-1622\" src=\"http:\/\/www.vicentejose.cl\/wp-content\/uploads\/2014\/06\/IMG_0904-1024x1024.jpg\" alt=\"IMG_0904\" width=\"670\" height=\"670\" srcset=\"http:\/\/www.vicentejose.cl\/wp-content\/uploads\/2014\/06\/IMG_0904-1024x1024.jpg 1024w, http:\/\/www.vicentejose.cl\/wp-content\/uploads\/2014\/06\/IMG_0904-150x150.jpg 150w, http:\/\/www.vicentejose.cl\/wp-content\/uploads\/2014\/06\/IMG_0904-300x300.jpg 300w\" sizes=\"auto, (max-width: 670px) 100vw, 670px\" \/><\/p>\n<p><img loading=\"lazy\" decoding=\"async\" class=\"alignnone wp-image-1623\" src=\"http:\/\/www.vicentejose.cl\/wp-content\/uploads\/2014\/06\/IMG_0915-e1402265432379-768x1024.jpg\" alt=\"IMG_0915\" width=\"670\" height=\"893\" srcset=\"http:\/\/www.vicentejose.cl\/wp-content\/uploads\/2014\/06\/IMG_0915-e1402265432379-768x1024.jpg 768w, http:\/\/www.vicentejose.cl\/wp-content\/uploads\/2014\/06\/IMG_0915-e1402265432379-225x300.jpg 225w\" sizes=\"auto, (max-width: 670px) 100vw, 670px\" \/><\/p>\n<p><img loading=\"lazy\" decoding=\"async\" class=\"alignnone wp-image-1624\" src=\"http:\/\/www.vicentejose.cl\/wp-content\/uploads\/2014\/06\/IMG_0905-e1402265610639-768x1024.jpg\" alt=\"IMG_0905\" width=\"670\" height=\"893\" srcset=\"http:\/\/www.vicentejose.cl\/wp-content\/uploads\/2014\/06\/IMG_0905-e1402265610639-768x1024.jpg 768w, http:\/\/www.vicentejose.cl\/wp-content\/uploads\/2014\/06\/IMG_0905-e1402265610639-225x300.jpg 225w\" sizes=\"auto, (max-width: 670px) 100vw, 670px\" \/><\/p>\n<p><img loading=\"lazy\" decoding=\"async\" class=\"alignnone wp-image-1625\" src=\"http:\/\/www.vicentejose.cl\/wp-content\/uploads\/2014\/06\/IMG_0906-e1402265864422-768x1024.jpg\" alt=\"IMG_0906\" width=\"670\" height=\"893\" srcset=\"http:\/\/www.vicentejose.cl\/wp-content\/uploads\/2014\/06\/IMG_0906-e1402265864422-768x1024.jpg 768w, http:\/\/www.vicentejose.cl\/wp-content\/uploads\/2014\/06\/IMG_0906-e1402265864422-225x300.jpg 225w\" sizes=\"auto, (max-width: 670px) 100vw, 670px\" \/><\/p>\n","protected":false},"excerpt":{"rendered":"<p>El Pasado mes de mayo termin\u00e9 de realizar la Etapa n\u00b0 1 del proyecto de libro &#8220;Alameda de ida y vuelta&#8221;. Esta Primera etapa consisti\u00f3 en la realizaci\u00f3n de la totalidad de los dibujos de ambas veredas de la Alameda, entre Plaza Italia y la Norte-Sur, adem\u00e1s de su digitalizaci\u00f3n. Ahora vienen las etapas de [&hellip;]<\/p>\n","protected":false},"author":1,"featured_media":1622,"comment_status":"open","ping_status":"open","sticky":false,"template":"","format":"standard","meta":{"footnotes":""},"categories":[4],"tags":[],"class_list":["post-1621","post","type-post","status-publish","format-standard","has-post-thumbnail","hentry","category-noticias"],"_links":{"self":[{"href":"http:\/\/www.vicentejose.cl\/index.php?rest_route=\/wp\/v2\/posts\/1621","targetHints":{"allow":["GET"]}}],"collection":[{"href":"http:\/\/www.vicentejose.cl\/index.php?rest_route=\/wp\/v2\/posts"}],"about":[{"href":"http:\/\/www.vicentejose.cl\/index.php?rest_route=\/wp\/v2\/types\/post"}],"author":[{"embeddable":true,"href":"http:\/\/www.vicentejose.cl\/index.php?rest_route=\/wp\/v2\/users\/1"}],"replies":[{"embeddable":true,"href":"http:\/\/www.vicentejose.cl\/index.php?rest_route=%2Fwp%2Fv2%2Fcomments&post=1621"}],"version-history":[{"count":2,"href":"http:\/\/www.vicentejose.cl\/index.php?rest_route=\/wp\/v2\/posts\/1621\/revisions"}],"predecessor-version":[{"id":1627,"href":"http:\/\/www.vicentejose.cl\/index.php?rest_route=\/wp\/v2\/posts\/1621\/revisions\/1627"}],"wp:featuredmedia":[{"embeddable":true,"href":"http:\/\/www.vicentejose.cl\/index.php?rest_route=\/wp\/v2\/media\/1622"}],"wp:attachment":[{"href":"http:\/\/www.vicentejose.cl\/index.php?rest_route=%2Fwp%2Fv2%2Fmedia&parent=1621"}],"wp:term":[{"taxonomy":"category","embeddable":true,"href":"http:\/\/www.vicentejose.cl\/index.php?rest_route=%2Fwp%2Fv2%2Fcategories&post=1621"},{"taxonomy":"post_tag","embeddable":true,"href":"http:\/\/www.vicentejose.cl\/index.php?rest_route=%2Fwp%2Fv2%2Ftags&post=1621"}],"curies":[{"name":"wp","href":"https:\/\/api.w.org\/{rel}","templated":true}]}}